{"id":2657,"date":"2024-05-23T00:00:00","date_gmt":"2024-05-22T22:00:00","guid":{"rendered":"https:\/\/gac.udc.es\/?p=2657"},"modified":"2025-02-26T11:40:25","modified_gmt":"2025-02-26T10:40:25","slug":"2024-05-23-torusware-collects-the-ardan-award-from-business-excellence-in-its-5th-edition","status":"publish","type":"post","link":"https:\/\/gac.udc.es\/index.php\/en\/2024\/05\/23\/2024-05-23-torusware-collects-the-ardan-award-from-business-excellence-in-its-5th-edition\/","title":{"rendered":"2024\/05\/23 &#8211; Torusware collects the Ard\u00e1n award from <strong><u> Business Excellence <\/u><\/strong>in its 5th edition."},"content":{"rendered":"\n<p><a rel=\"noreferrer noopener\" href=\"https:\/\/www.lavozdegalicia.es\/noticia\/economia\/2024\/05\/24\/premios-ardan-reconocen-innovacion-zendal\/0003_202405G24P29991.htm\" target=\"_blank\">LA VOZ DE GALICIA<\/a> | <a rel=\"noreferrer noopener\" href=\"https:\/\/www.farodevigo.es\/economia\/2024\/05\/23\/ardan-zfv-reconocen-vigo-excelencia-102800876.html\" target=\"_blank\">FARO DE VIGO<\/a> | <a rel=\"noreferrer noopener\" href=\"https:\/\/www.europapress.es\/galicia\/noticia-mas-decena-empresas-gallegas-reconocidas-excelencia-premios-ardan-zona-franca-20240523204449.html\" target=\"_blank\">EUROPA PRESS<\/a>&nbsp;|&nbsp;<a rel=\"noreferrer noopener\" href=\"https:\/\/codigocero.com\/As-TIC-galegas-Igalia-Optare-Teimas-e-Torus-reconecidas-nos-quitos-Premios\" target=\"_blank\">C\u00d3DIGO CERO<\/a>&nbsp;|&nbsp;<a rel=\"noreferrer noopener\" href=\"https:\/\/www.elespanol.com\/treintayseis\/articulos\/economia\/zona-franca-de-vigo-otorgo-sus-premios-anuales-a-la-excelencia-empresarial\" target=\"_blank\">EL ESPA\u00d1OL<\/a>&nbsp;|&nbsp;<a rel=\"noreferrer noopener\" href=\"https:\/\/www.atlantico.net\/articulo\/vigo\/premio-vigo-empresas-excelentes\/202405240655211033805.html\" target=\"_blank\">ATL\u00c1NTICO<\/a>&nbsp;|&nbsp;<a rel=\"noreferrer noopener\" href=\"https:\/\/www.vigoalminuto.com\/2024\/05\/23\/los-premios-ardan-de-la-zona-franca-reconocen-la-excelencia-de-catorce-empresas-gallegas\/\" target=\"_blank\">VIGO AL MINUTO<\/a>&nbsp;|&nbsp;&nbsp;<a rel=\"noreferrer noopener\" href=\"https:\/\/www.galiciapress.es\/articulo\/economia\/2024-05-23\/4842412-decena-empresas-gallegas-reconocidas-excelencia-premios-ardan-zona-franca\" target=\"_blank\">GALICIA PRESS<\/a>&nbsp;|&nbsp;<a rel=\"noreferrer noopener\" href=\"https:\/\/www.economiaengalicia.com\/articulo\/eventos\/son-14-empresas-gallegas-reconocidas-ardan\/20240523210000026784.html\" target=\"_blank\">ECONOM\u00cdA EN GALICIA<\/a>&nbsp;|&nbsp;<a rel=\"noreferrer noopener\" href=\"https:\/\/www.cousasde.com\/a-5a-edicion-dos-premios-ardan-da-zona-franca-reconece-a-excelencia-de-catorce-empresas-galegas\/\" target=\"_blank\">COUSAS DE REVISTA<\/a>&nbsp;|&nbsp;<a rel=\"noreferrer noopener\" href=\"https:\/\/www.vigoe.es\/vigo\/economia\/los-premios-ardan-de-la-zona-franca-reconocen-la-excelencia-de-catorce-empresas-gallegas\/\" target=\"_blank\">VIGO \u00c9<\/a>&nbsp;|<\/p>\n\n\n\n<figure class=\"wp-block-image size-large\"><img loading=\"lazy\" decoding=\"async\" width=\"1024\" height=\"682\" src=\"https:\/\/gac.udc.es\/wp-content\/uploads\/2024\/05\/Imagen_noticia_23052024-1024x682.png\" alt=\"\" class=\"wp-image-3140\" style=\"aspect-ratio:4\/3;object-fit:cover\" srcset=\"https:\/\/gac.udc.es\/wp-content\/uploads\/2024\/05\/Imagen_noticia_23052024-1024x682.png 1024w, https:\/\/gac.udc.es\/wp-content\/uploads\/2024\/05\/Imagen_noticia_23052024-300x200.png 300w, https:\/\/gac.udc.es\/wp-content\/uploads\/2024\/05\/Imagen_noticia_23052024-768x512.png 768w, https:\/\/gac.udc.es\/wp-content\/uploads\/2024\/05\/Imagen_noticia_23052024.png 1181w\" sizes=\"auto, (max-width: 1024px) 100vw, 1024px\" \/><figcaption class=\"wp-element-caption\">Guillermo L\u00f3pez (3rd from right)<\/figcaption><\/figure>\n\n\n\n<p><\/p>\n","protected":false},"excerpt":{"rendered":"<p>LA VOZ DE GALICIA | FARO DE VIGO | EUROPA PRESS&nbsp;|&nbsp;C\u00d3DIGO CERO&nbsp;|&nbsp;EL ESPA\u00d1OL&nbsp;|&nbsp;ATL\u00c1NTICO&nbsp;|&nbsp;VIGO AL MINUTO&nbsp;|&nbsp;&nbsp;GALICIA PRESS&nbsp;|&nbsp;ECONOM\u00cdA EN GALICIA&nbsp;|&nbsp;COUSAS DE REVISTA&nbsp;|&nbsp;VIGO \u00c9&nbsp;|<\/p>\n","protected":false},"author":1,"featured_media":3641,"comment_status":"closed","ping_status":"closed","sticky":false,"template":"","format":"standard","meta":{"footnotes":""},"categories":[314,22,23],"tags":[],"class_list":["post-2657","post","type-post","status-publish","format-standard","has-post-thumbnail","hentry","category-news","category-studies","category-team"],"_links":{"self":[{"href":"https:\/\/gac.udc.es\/index.php\/wp-json\/wp\/v2\/posts\/2657","targetHints":{"allow":["GET"]}}],"collection":[{"href":"https:\/\/gac.udc.es\/index.php\/wp-json\/wp\/v2\/posts"}],"about":[{"href":"https:\/\/gac.udc.es\/index.php\/wp-json\/wp\/v2\/types\/post"}],"author":[{"embeddable":true,"href":"https:\/\/gac.udc.es\/index.php\/wp-json\/wp\/v2\/users\/1"}],"replies":[{"embeddable":true,"href":"https:\/\/gac.udc.es\/index.php\/wp-json\/wp\/v2\/comments?post=2657"}],"version-history":[{"count":2,"href":"https:\/\/gac.udc.es\/index.php\/wp-json\/wp\/v2\/posts\/2657\/revisions"}],"predecessor-version":[{"id":3373,"href":"https:\/\/gac.udc.es\/index.php\/wp-json\/wp\/v2\/posts\/2657\/revisions\/3373"}],"wp:featuredmedia":[{"embeddable":true,"href":"https:\/\/gac.udc.es\/index.php\/wp-json\/wp\/v2\/media\/3641"}],"wp:attachment":[{"href":"https:\/\/gac.udc.es\/index.php\/wp-json\/wp\/v2\/media?parent=2657"}],"wp:term":[{"taxonomy":"category","embeddable":true,"href":"https:\/\/gac.udc.es\/index.php\/wp-json\/wp\/v2\/categories?post=2657"},{"taxonomy":"post_tag","embeddable":true,"href":"https:\/\/gac.udc.es\/index.php\/wp-json\/wp\/v2\/tags?post=2657"}],"curies":[{"name":"wp","href":"https:\/\/api.w.org\/{rel}","templated":true}]}}