{"id":2587,"date":"2024-03-14T00:00:00","date_gmt":"2024-03-13T22:00:00","guid":{"rendered":"https:\/\/gac.udc.es\/?p=2587"},"modified":"2025-02-26T11:51:21","modified_gmt":"2025-02-26T10:51:21","slug":"14-03-2024-presentacion-en-gain-de-gresint-proyecto-poctep-para-la-gestion-de-residuos-con-la-participacion-del-miembro-del-gac-carlos-vazquez-regueiro","status":"publish","type":"post","link":"https:\/\/gac.udc.es\/index.php\/2024\/03\/14\/14-03-2024-presentacion-en-gain-de-gresint-proyecto-poctep-para-la-gestion-de-residuos-con-la-participacion-del-miembro-del-gac-carlos-vazquez-regueiro\/","title":{"rendered":"14\/03\/2024 &#8211; Presentaci\u00f3n en GAIN de <b><u>GRESINT<\/u><\/b>, proyecto <b><u>POCTEP<\/u><\/b> para la gesti\u00f3n de residuos con la participaci\u00f3n del miembro del GAC Carlos V\u00e1zquez Regueiro"},"content":{"rendered":"\n<p><a rel=\"noreferrer noopener\" href=\"https:\/\/www.udc.es\/es\/novas\/O-CITIC-da-Universidade-da-Coruna-participa-na-presentacion-do-Programa-de-Cooperacion-Transfronteiriza-Espana-Portugal-para-a-xestion-de-residuos\/?_gl=1*owgyp6*_ga*NDcxMjIxMzEyLjE0MDY1MzIzMTU.*_ga_PKZEC02YMQ*MTcxMDMxOTY2OS43OTAuMS4xNzEwMzE5NzQxLjAuMC4w\" data-type=\"URL\" data-id=\"https:\/\/www.udc.es\/es\/novas\/O-CITIC-da-Universidade-da-Coruna-participa-na-presentacion-do-Programa-de-Cooperacion-Transfronteiriza-Espana-Portugal-para-a-xestion-de-residuos\/?_gl=1*owgyp6*_ga*NDcxMjIxMzEyLjE0MDY1MzIzMTU.*_ga_PKZEC02YMQ*MTcxMDMxOTY2OS43OTAuMS4xNzEwMzE5NzQxLjAuMC4w\" target=\"_blank\">UDC<\/a> | <a href=\"https:\/\/www.xunta.gal\/notas-de-prensa\/-\/nova\/000262\/galicia-portugal-colaboran-optimizacion-seleccion-tratamento-residuos-mediante\" data-type=\"URL\" data-id=\"https:\/\/www.xunta.gal\/notas-de-prensa\/-\/nova\/000262\/galicia-portugal-colaboran-optimizacion-seleccion-tratamento-residuos-mediante\" target=\"_blank\" rel=\"noreferrer noopener\">Xunta<\/a> | <a rel=\"noreferrer noopener\" href=\"https:\/\/www.retema.es\/actualidad\/galicia-y-portugal-optimizaran-la-gestion-de-residuos-mediante-ia\" data-type=\"URL\" data-id=\"https:\/\/www.retema.es\/actualidad\/galicia-y-portugal-optimizaran-la-gestion-de-residuos-mediante-ia\" target=\"_blank\">RETEMA<\/a> | <a rel=\"noreferrer noopener\" href=\"https:\/\/www.que.es\/2024\/03\/14\/galicia-portugal-residuos-inteligencia-artificial\/\" data-type=\"URL\" data-id=\"https:\/\/www.que.es\/2024\/03\/14\/galicia-portugal-residuos-inteligencia-artificial\/\" target=\"_blank\">Diario QU\u00c9!<\/a> |<a rel=\"noreferrer noopener\" href=\"https:\/\/www.larazon.es\/galicia\/galicia-portugal-colaboran-optimizacion-tratamiento-residuos-mediante-inteligencia-artificial_2024031465f32f74d3310300014ee8a6.html\" data-type=\"URL\" data-id=\"https:\/\/www.larazon.es\/galicia\/galicia-portugal-colaboran-optimizacion-tratamiento-residuos-mediante-inteligencia-artificial_2024031465f32f74d3310300014ee8a6.html\" target=\"_blank\">La Raz\u00f3n<\/a> | <a rel=\"noreferrer noopener\" href=\"https:\/\/www.galiciapress.es\/articulo\/empresas\/2024-03-15\/4759145-sogama-pone-ia-servicio-gestion-residuos-liderando-proyecto-europeo-gresint\" data-type=\"URL\" data-id=\"https:\/\/www.galiciapress.es\/articulo\/empresas\/2024-03-15\/4759145-sogama-pone-ia-servicio-gestion-residuos-liderando-proyecto-europeo-gresint\" target=\"_blank\">Galicia Press<\/a> | <a rel=\"noreferrer noopener\" href=\"https:\/\/www.elespanol.com\/quincemil\/articulos\/economia\/adjudicada-por-32-millones-la-gestion-de-la-planta-de-envases-ligeros-de-sogama-en-a-coruna\" data-type=\"URL\" data-id=\"https:\/\/www.elespanol.com\/quincemil\/articulos\/economia\/adjudicada-por-32-millones-la-gestion-de-la-planta-de-envases-ligeros-de-sogama-en-a-coruna\" target=\"_blank\">El Espa\u00f1ol<\/a> | <\/p>\n\n\n\n<figure class=\"wp-block-image size-large\"><img loading=\"lazy\" decoding=\"async\" width=\"1024\" height=\"659\" src=\"https:\/\/gac.udc.es\/wp-content\/uploads\/2024\/03\/Imagen_noticia_140320241-1024x659.jpg\" alt=\"\" class=\"wp-image-3644\" srcset=\"https:\/\/gac.udc.es\/wp-content\/uploads\/2024\/03\/Imagen_noticia_140320241-1024x659.jpg 1024w, https:\/\/gac.udc.es\/wp-content\/uploads\/2024\/03\/Imagen_noticia_140320241-300x193.jpg 300w, https:\/\/gac.udc.es\/wp-content\/uploads\/2024\/03\/Imagen_noticia_140320241-768x494.jpg 768w, https:\/\/gac.udc.es\/wp-content\/uploads\/2024\/03\/Imagen_noticia_140320241.jpg 1200w\" sizes=\"auto, (max-width: 1024px) 100vw, 1024px\" \/><figcaption class=\"wp-element-caption\">Carlos V\u00e1zquez Regueiro, primero por la derecha.<\/figcaption><\/figure>\n","protected":false},"excerpt":{"rendered":"<p>UDC | Xunta | RETEMA | Diario QU\u00c9! |La Raz\u00f3n | Galicia Press | El Espa\u00f1ol |<\/p>\n","protected":false},"author":1,"featured_media":3645,"comment_status":"closed","ping_status":"closed","sticky":false,"template":"","format":"standard","meta":{"footnotes":""},"categories":[11,9],"tags":[],"class_list":["post-2587","post","type-post","status-publish","format-standard","has-post-thumbnail","hentry","category-investigacion","category-noticias"],"_links":{"self":[{"href":"https:\/\/gac.udc.es\/index.php\/wp-json\/wp\/v2\/posts\/2587","targetHints":{"allow":["GET"]}}],"collection":[{"href":"https:\/\/gac.udc.es\/index.php\/wp-json\/wp\/v2\/posts"}],"about":[{"href":"https:\/\/gac.udc.es\/index.php\/wp-json\/wp\/v2\/types\/post"}],"author":[{"embeddable":true,"href":"https:\/\/gac.udc.es\/index.php\/wp-json\/wp\/v2\/users\/1"}],"replies":[{"embeddable":true,"href":"https:\/\/gac.udc.es\/index.php\/wp-json\/wp\/v2\/comments?post=2587"}],"version-history":[{"count":3,"href":"https:\/\/gac.udc.es\/index.php\/wp-json\/wp\/v2\/posts\/2587\/revisions"}],"predecessor-version":[{"id":3648,"href":"https:\/\/gac.udc.es\/index.php\/wp-json\/wp\/v2\/posts\/2587\/revisions\/3648"}],"wp:featuredmedia":[{"embeddable":true,"href":"https:\/\/gac.udc.es\/index.php\/wp-json\/wp\/v2\/media\/3645"}],"wp:attachment":[{"href":"https:\/\/gac.udc.es\/index.php\/wp-json\/wp\/v2\/media?parent=2587"}],"wp:term":[{"taxonomy":"category","embeddable":true,"href":"https:\/\/gac.udc.es\/index.php\/wp-json\/wp\/v2\/categories?post=2587"},{"taxonomy":"post_tag","embeddable":true,"href":"https:\/\/gac.udc.es\/index.php\/wp-json\/wp\/v2\/tags?post=2587"}],"curies":[{"name":"wp","href":"https:\/\/api.w.org\/{rel}","templated":true}]}}